{"id":9418,"date":"2022-11-03T12:42:25","date_gmt":"2022-11-03T11:42:25","guid":{"rendered":"https:\/\/santabaia.es\/?p=9418"},"modified":"2022-11-03T12:42:25","modified_gmt":"2022-11-03T11:42:25","slug":"p-e-l-o-programa-de-estimulacion-da-linguaxe-oral-en-infantil","status":"publish","type":"post","link":"https:\/\/santabaia.es\/?p=9418","title":{"rendered":"P.E.L.O Programa de estimulaci\u00f3n da linguaxe oral en Infantil."},"content":{"rendered":"\n<p>Hola familias!  Bo comezo de semana.                                                                                                       Hoxe vos presentamos o PELO , un programa de estimulaci\u00f3n da linguaxe oral que se est\u00e1 a levar a cabo con todos os cursos de Educaci\u00f3n Infantil. \u00c9 necesario  reflexionar  o complexo que \u00e9 o proceso da adquisici\u00f3n da fala e toda a maquinaria  que se ten que po\u00f1er en marcha para dominalo. Isto significa aprender a empregar un c\u00f3digo de s\u00edmbolos, que abarca a adquisici\u00f3n de vocabulario, articulaci\u00f3n, co\u00f1ecemento dos significados, elaboraci\u00f3n de frases e usos de conceptos.                                                  \u00c9 por iso que dende o centro, se est\u00e1 a levar a cabo dito programa  coa finalidade de preparar aos nosos\/as alumnos\/as  para a adquisici\u00f3n do proceso lectoescritor e previr as dificultades  na linguaxe oral e escrita. De aqu\u00ed en adiante os deixaremos algunhas das fotos das actividades a realizar cos pequenos\/as .<\/p>\n\n\n\n<figure class=\"wp-block-gallery has-nested-images columns-default is-cropped wp-block-gallery-1 is-layout-flex wp-block-gallery-is-layout-flex\">\n<figure class=\"wp-block-image size-large\"><a href=\"https:\/\/santabaia.es\/wp-content\/uploads\/2022\/11\/IMG_20221103_093541-scaled.jpg\"><img loading=\"lazy\" decoding=\"async\" width=\"768\" height=\"1024\" data-id=\"9419\" src=\"https:\/\/santabaia.es\/wp-content\/uploads\/2022\/11\/IMG_20221103_093541-768x1024.jpg\" alt=\"\" class=\"wp-image-9419\" srcset=\"https:\/\/santabaia.es\/wp-content\/uploads\/2022\/11\/IMG_20221103_093541-768x1024.jpg 768w, https:\/\/santabaia.es\/wp-content\/uploads\/2022\/11\/IMG_20221103_093541-225x300.jpg 225w, https:\/\/santabaia.es\/wp-content\/uploads\/2022\/11\/IMG_20221103_093541-1152x1536.jpg 1152w, https:\/\/santabaia.es\/wp-content\/uploads\/2022\/11\/IMG_20221103_093541-1536x2048.jpg 1536w, https:\/\/santabaia.es\/wp-content\/uploads\/2022\/11\/IMG_20221103_093541-scaled.jpg 1920w\" sizes=\"auto, (max-width: 768px) 100vw, 768px\" \/><\/a><\/figure>\n<figcaption class=\"blocks-gallery-caption\">Actividades de Respiraci\u00f3n e sopro.<\/figcaption><\/figure>\n","protected":false},"excerpt":{"rendered":"<p>Hola familias! Bo comezo de semana. Hoxe vos presentamos o PELO , un programa de estimulaci\u00f3n da linguaxe oral que se est\u00e1 a levar a cabo con todos os cursos de Educaci\u00f3n Infantil. \u00c9 necesario reflexionar o complexo que \u00e9 o proceso da adquisici\u00f3n da fala e toda a maquinaria que se ten que po\u00f1er<\/p>\n","protected":false},"author":43,"featured_media":0,"comment_status":"open","ping_status":"closed","sticky":true,"template":"","format":"standard","meta":{"footnotes":""},"categories":[1],"tags":[],"class_list":["post-9418","post","type-post","status-publish","format-standard","hentry","category-novidades"],"_links":{"self":[{"href":"https:\/\/santabaia.es\/index.php?rest_route=\/wp\/v2\/posts\/9418","targetHints":{"allow":["GET"]}}],"collection":[{"href":"https:\/\/santabaia.es\/index.php?rest_route=\/wp\/v2\/posts"}],"about":[{"href":"https:\/\/santabaia.es\/index.php?rest_route=\/wp\/v2\/types\/post"}],"author":[{"embeddable":true,"href":"https:\/\/santabaia.es\/index.php?rest_route=\/wp\/v2\/users\/43"}],"replies":[{"embeddable":true,"href":"https:\/\/santabaia.es\/index.php?rest_route=%2Fwp%2Fv2%2Fcomments&post=9418"}],"version-history":[{"count":1,"href":"https:\/\/santabaia.es\/index.php?rest_route=\/wp\/v2\/posts\/9418\/revisions"}],"predecessor-version":[{"id":9420,"href":"https:\/\/santabaia.es\/index.php?rest_route=\/wp\/v2\/posts\/9418\/revisions\/9420"}],"wp:attachment":[{"href":"https:\/\/santabaia.es\/index.php?rest_route=%2Fwp%2Fv2%2Fmedia&parent=9418"}],"wp:term":[{"taxonomy":"category","embeddable":true,"href":"https:\/\/santabaia.es\/index.php?rest_route=%2Fwp%2Fv2%2Fcategories&post=9418"},{"taxonomy":"post_tag","embeddable":true,"href":"https:\/\/santabaia.es\/index.php?rest_route=%2Fwp%2Fv2%2Ftags&post=9418"}],"curies":[{"name":"wp","href":"https:\/\/api.w.org\/{rel}","templated":true}]}}