{"id":7828,"date":"2020-09-25T07:40:17","date_gmt":"2020-09-25T07:40:17","guid":{"rendered":"https:\/\/santabaia.es\/?p=7828"},"modified":"2022-03-23T11:43:00","modified_gmt":"2022-03-23T10:43:00","slug":"numero-de-pcrs-positivos-no-centro","status":"publish","type":"post","link":"https:\/\/santabaia.es\/?p=7828","title":{"rendered":"N\u00famero de probas diagn\u00f3sticas positivas no Centro"},"content":{"rendered":"\n<p class=\"has-medium-font-size\"><\/p>\n\n\n\n<p class=\"has-medium-font-size\"><strong>Casos activos 3<\/strong>.<\/p>\n\n\n\n<p class=\"has-medium-font-size\"><strong>Casos totais 99<\/strong>.<\/p>\n\n\n\n<p class=\"has-medium-font-size\">Por agora non se localizaron contaxios por parte do alumnado durante as actividades lectivas no centro.<\/p>\n\n\n\n<p><strong>881540045<\/strong> <strong>para d\u00fabidas ou comunicaci\u00f3n de positivos (tam\u00e9n <a href=\"https:\/\/coronavirus.sergas.gal\/Contidos\/Autodeclaracion-caso-sospeitoso-COVID\">https:\/\/coronavirus.sergas.gal\/Contidos\/Autodeclaracion-caso-sospeitoso-COVID<\/a><\/strong>)<strong> .<\/strong><\/p>\n\n\n\n<p><a rel=\"noreferrer noopener\" aria-label=\"PROCESOS COVID (abre en una nueva pesta\u00f1a)\" href=\"https:\/\/view.genial.ly\/5fc9fb87d207540da68d41e9\/guide-positivos-no-centro\" target=\"_blank\">PROCESOS COVID<\/a><\/p>\n\n\n\n<p><a href=\"https:\/\/coronavirus.sergas.gal\/Contidos\/Autodeclaracion-caso-sospeitoso-COVID\">https:\/\/coronavirus.sergas.gal\/Contidos\/Autodeclaracion-caso-sospeitoso-COVID<\/a><\/p>\n\n\n\n<p> Estimadas familias:<\/p>\n\n\n\n<p class=\"has-medium-font-size\"> Comun\u00edcolles que se confirmou un caso da Covid-19 no centro educativo ao que acode o seu fillo ou a s\u00faa filla. Ata o momento <strong>detect\u00e1ronse 98 casos<\/strong>. O  SARS- CoV-2 \u00e9 un virus que se transmite principalmente de persoa a persoa a trav\u00e9s do contacto estreito e das pingas respiratorias que se emiten ao  tusir ou esbirrar. Os s\u00edntomas poden aparecer ata os 14 d\u00edas despois de estar en contacto cun caso. A infecci\u00f3n pode cursar con <strong><a href=\"https:\/\/www.edu.xunta.gal\/portal\/sites\/web\/files\/enquisa_de_autoavaliacion.pdf\">s\u00edntomas<\/a><a href=\"#sdfootnote1sym\"><sup>1<\/sup><\/a><\/strong> respiratorios como febre, tose ou sensaci\u00f3n de falta de aire; con s\u00edntomas  inespec\u00edficos como a alteraci\u00f3n do gusto ou do olfacto, dores musculares, diarrea, dor tor\u00e1cica ou dor de cabeza entre outros; ou tam\u00e9n pode cursar de forma asintom\u00e1tica.<\/p>\n\n\n\n<p><strong>D\u00fabidas ou comunicaci\u00f3n de positivos 881540045.<\/strong><\/p>\n\n\n\n<p>\nCo\nfin de evitar a transmisi\u00f3n da infecci\u00f3n a outras persoas, \u00e9\nnecesario adoptar as seguintes medidas de prevenci\u00f3n:<\/p>\n\n\n\n<p>\n\u2022 Un\n<strong>estudo de contactos<\/strong> \u00e9 un proceso mediante o cal se\nidentifican e clasifican aos contactos dun caso confirmado cuns\ncriterios establecidos polas autoridades sanitarias. <strong>Se o\/a\nseu\/s\u00faa fillo\/a \u00e9 un contacto estreito, desde as autoridades\nsanitarias, contactarase coa familia para dar as indicaci\u00f3ns\nnecesarias.<\/strong><\/p>\n\n\n\n<p>\n\u2022 Os<strong>\ncontactos estreitos<\/strong>\ndeben realizar corentena durante 14 d\u00edas excepto aqueles que tivesen\nunha infecci\u00f3n previa documentada cunha  PCR positiva nos 6 meses\nprevios. En caso de ser un contacto estreito \u00e9 posible que nos\npr\u00f3ximos d\u00edas poidan aparecer s\u00edntomas compatibles coa Covid-19,\nante os cales deber\u00e1n permanecer en <strong><a href=\"https:\/\/www.sergas.es\/Saude-publica\/Illamento-domicilio?idioma=ga\">illamento<\/a><a href=\"#sdfootnote2sym\"><sup>2<\/sup><\/a><\/strong>\ne contactar telefonicamente co seu centro de sa\u00fade ou co tel\u00e9fono\nde referencia da comunidade aut\u00f3noma.<\/p>\n\n\n\n<p>\n\u2022 O\n<strong>resto da comunidade educativa<\/strong>, pode seguir acudindo ao centro,\nextremando as medidas de precauci\u00f3n e vixiando a aparici\u00f3n de\ns\u00edntomas compatibles coa Covid-19. Se algunha persoa ten condici\u00f3ns\nde especial vulnerabilidade para a Covid-19 pode acudir ao centro,\nsempre que a s\u00faa condici\u00f3n cl\u00ednica estea controlada e as\u00ed o\npermita, e mantendo medidas de protecci\u00f3n de forma rigorosa, salvo\nindicaci\u00f3n m\u00e9dica de non asistir.<\/p>\n\n\n\n<p>\n\u2022 Se\no\/a menor ou algunha persoa da s\u00faa contorna pr\u00f3xima (outros menores\nou adultos) desenvolve s\u00edntomas compatibles nos pr\u00f3ximos d\u00edas,\ndeber\u00e1 permanecer no seu domicilio e contactar telefonicamente cos\nservizos de sa\u00fade.<\/p>\n\n\n\n<p>\nPode\natopar informaci\u00f3n sobre as medidas de corentena e illamento na <strong><a href=\"https:\/\/coronavirus.sergas.es\/\">Web\nde informaci\u00f3n para <\/a><a href=\"https:\/\/coronavirus.sergas.es\/\">a\n<\/a><a href=\"https:\/\/coronavirus.sergas.es\/\">cidadan\u00eda sobre SARS-\nCoV-2 do <\/a><a href=\"https:\/\/coronavirus.sergas.es\/\">SERGAS<\/a><\/strong><a href=\"#sdfootnote3sym\"><sup>3<\/sup><\/a>.<\/p>\n\n\n\n<p>\nReciban\nun cordial sa\u00fado,<\/p>\n\n\n\n<p>\n\t<a href=\"#sdfootnote1anc\">1<\/a><strong>Cuestionario de\n\tautoavaliaci\u00f3n: \n\t<a href=\"https:\/\/www.edu.xunta.gal\/portal\/sites\/web\/files\/enquisa_de_autoavaliacion.pdf\">https:\/\/www.edu.xunta.gal\/portal\/sites\/w<\/a><\/strong><a href=\"https:\/\/www.edu.xunta.gal\/portal\/sites\/web\/files\/enquisa_de_autoavaliacion.pdf\">eb\/files\/enquisa_de_autoavaliacion.pdf<\/a><\/p>\n\n\n\n<p>\n\t<a href=\"#sdfootnote2anc\">2<\/a>Illamento\n\tno domicilio de casos confirmados:\n\t<a href=\"https:\/\/www.sergas.es\/Saude-publica\/Illamento-domicilio?idioma=ga\">https:\/\/www.sergas.es\/Saude-publica\/Illamento-domicilio?idioma=ga<\/a><\/p>\n\n\n\n<p>\n\t<a href=\"#sdfootnote3anc\">3<\/a><strong>Web do SERGAS de\n\tinformaci\u00f3n para a cidadan\u00eda sobre o coronavirus:\n\t<a href=\"https:\/\/coronavirus.sergas.gal\/\">https:\/\/coronavirus.sergas.gal\/<\/a><\/strong><\/p>\n","protected":false},"excerpt":{"rendered":"<p>Casos activos 3. Casos totais 99. Por agora non se localizaron contaxios por parte do alumnado durante as actividades lectivas no centro. 881540045 para d\u00fabidas ou comunicaci\u00f3n de positivos (tam\u00e9n https:\/\/coronavirus.sergas.gal\/Contidos\/Autodeclaracion-caso-sospeitoso-COVID) . PROCESOS COVID https:\/\/coronavirus.sergas.gal\/Contidos\/Autodeclaracion-caso-sospeitoso-COVID Estimadas familias: Comun\u00edcolles que se confirmou un caso da Covid-19 no centro educativo ao que acode o seu fillo ou<\/p>\n","protected":false},"author":2,"featured_media":7829,"comment_status":"open","ping_status":"closed","sticky":false,"template":"","format":"standard","meta":{"footnotes":""},"categories":[1],"tags":[],"class_list":["post-7828","post","type-post","status-publish","format-standard","has-post-thumbnail","hentry","category-novidades"],"_links":{"self":[{"href":"https:\/\/santabaia.es\/index.php?rest_route=\/wp\/v2\/posts\/7828","targetHints":{"allow":["GET"]}}],"collection":[{"href":"https:\/\/santabaia.es\/index.php?rest_route=\/wp\/v2\/posts"}],"about":[{"href":"https:\/\/santabaia.es\/index.php?rest_route=\/wp\/v2\/types\/post"}],"author":[{"embeddable":true,"href":"https:\/\/santabaia.es\/index.php?rest_route=\/wp\/v2\/users\/2"}],"replies":[{"embeddable":true,"href":"https:\/\/santabaia.es\/index.php?rest_route=%2Fwp%2Fv2%2Fcomments&post=7828"}],"version-history":[{"count":76,"href":"https:\/\/santabaia.es\/index.php?rest_route=\/wp\/v2\/posts\/7828\/revisions"}],"predecessor-version":[{"id":9028,"href":"https:\/\/santabaia.es\/index.php?rest_route=\/wp\/v2\/posts\/7828\/revisions\/9028"}],"wp:featuredmedia":[{"embeddable":true,"href":"https:\/\/santabaia.es\/index.php?rest_route=\/wp\/v2\/media\/7829"}],"wp:attachment":[{"href":"https:\/\/santabaia.es\/index.php?rest_route=%2Fwp%2Fv2%2Fmedia&parent=7828"}],"wp:term":[{"taxonomy":"category","embeddable":true,"href":"https:\/\/santabaia.es\/index.php?rest_route=%2Fwp%2Fv2%2Fcategories&post=7828"},{"taxonomy":"post_tag","embeddable":true,"href":"https:\/\/santabaia.es\/index.php?rest_route=%2Fwp%2Fv2%2Ftags&post=7828"}],"curies":[{"name":"wp","href":"https:\/\/api.w.org\/{rel}","templated":true}]}}