{"id":5013,"date":"2019-03-24T18:48:35","date_gmt":"2019-03-24T18:48:35","guid":{"rendered":"https:\/\/santabaia.es\/?p=5013"},"modified":"2019-03-24T18:48:35","modified_gmt":"2019-03-24T18:48:35","slug":"baiaradio","status":"publish","type":"post","link":"https:\/\/santabaia.es\/?p=5013","title":{"rendered":"BAIARADIO"},"content":{"rendered":"\n<p>Os nenos e nenas de 2\u00ba foron &nbsp;os encargados de elaborar o primeiro programa da Baia Radio, retransmitido o venres 15 de marzo, a trav\u00e9s da megafon\u00eda do cole.<\/p>\n\n\n\n<p>Queres volver a escoitalo?<\/p>\n\n\n<p><iframe loading=\"lazy\" width=\"100%\" height=\"166\" scrolling=\"no\" frameborder=\"no\" allow=\"autoplay\" src=\"https:\/\/w.soundcloud.com\/player\/?url=https%3A\/\/api.soundcloud.com\/tracks\/590051088&amp;color=%236c908c&amp;auto_play=true&amp;hide_related=false&amp;show_comments=true&amp;show_user=true&amp;show_reposts=false&amp;show_teaser=true\"><\/iframe><\/p>\n\n\n<p>O segundo programa estivo adicado \u00e1 Poes\u00eda.<\/p>\n\n\n\n<p><\/p>\n\n\n<p><iframe loading=\"lazy\" width=\"100%\" height=\"166\" scrolling=\"no\" frameborder=\"no\" allow=\"autoplay\" src=\"https:\/\/w.soundcloud.com\/player\/?url=https%3A\/\/api.soundcloud.com\/tracks\/595163826&amp;color=%236c908c&amp;auto_play=true&amp;hide_related=false&amp;show_comments=true&amp;show_user=true&amp;show_reposts=false&amp;show_teaser=true\"><\/iframe><\/p>","protected":false},"excerpt":{"rendered":"<p>Os nenos e nenas de 2\u00ba foron &nbsp;os encargados de elaborar o primeiro programa da Baia Radio, retransmitido o venres 15 de marzo, a trav\u00e9s da megafon\u00eda do cole. Queres volver a escoitalo? O segundo programa estivo adicado \u00e1 Poes\u00eda.<\/p>\n","protected":false},"author":41,"featured_media":5017,"comment_status":"open","ping_status":"closed","sticky":true,"template":"","format":"standard","meta":{"footnotes":""},"categories":[48,1],"tags":[],"class_list":["post-5013","post","type-post","status-publish","format-standard","has-post-thumbnail","hentry","category-biblioteca","category-novidades"],"_links":{"self":[{"href":"https:\/\/santabaia.es\/index.php?rest_route=\/wp\/v2\/posts\/5013","targetHints":{"allow":["GET"]}}],"collection":[{"href":"https:\/\/santabaia.es\/index.php?rest_route=\/wp\/v2\/posts"}],"about":[{"href":"https:\/\/santabaia.es\/index.php?rest_route=\/wp\/v2\/types\/post"}],"author":[{"embeddable":true,"href":"https:\/\/santabaia.es\/index.php?rest_route=\/wp\/v2\/users\/41"}],"replies":[{"embeddable":true,"href":"https:\/\/santabaia.es\/index.php?rest_route=%2Fwp%2Fv2%2Fcomments&post=5013"}],"version-history":[{"count":3,"href":"https:\/\/santabaia.es\/index.php?rest_route=\/wp\/v2\/posts\/5013\/revisions"}],"predecessor-version":[{"id":5016,"href":"https:\/\/santabaia.es\/index.php?rest_route=\/wp\/v2\/posts\/5013\/revisions\/5016"}],"wp:featuredmedia":[{"embeddable":true,"href":"https:\/\/santabaia.es\/index.php?rest_route=\/wp\/v2\/media\/5017"}],"wp:attachment":[{"href":"https:\/\/santabaia.es\/index.php?rest_route=%2Fwp%2Fv2%2Fmedia&parent=5013"}],"wp:term":[{"taxonomy":"category","embeddable":true,"href":"https:\/\/santabaia.es\/index.php?rest_route=%2Fwp%2Fv2%2Fcategories&post=5013"},{"taxonomy":"post_tag","embeddable":true,"href":"https:\/\/santabaia.es\/index.php?rest_route=%2Fwp%2Fv2%2Ftags&post=5013"}],"curies":[{"name":"wp","href":"https:\/\/api.w.org\/{rel}","templated":true}]}}