{"id":4432,"date":"2018-07-02T09:31:53","date_gmt":"2018-07-02T09:31:53","guid":{"rendered":"https:\/\/santabaia.es\/?p=4432"},"modified":"2019-03-11T16:35:48","modified_gmt":"2019-03-11T16:35:48","slug":"calendario-escolar-2018-19","status":"publish","type":"post","link":"https:\/\/santabaia.es\/?p=4432","title":{"rendered":"Calendario Escolar 2018-19"},"content":{"rendered":"<p>Poden ver o calendario e a orde que o regulan clicando na imaxe ou no link de calendario.<\/p>\n<p>Os 2 d\u00edas non lectivos para os Centros educativos deste concello ser\u00e1n o 2 de novembro e o 18 de marzo (xa que foi aprobado pola administraci\u00f3n o martes 19 de marzo como d\u00eda festivo).<\/p>\n<p>SA\u00daDOS<\/p>\n<p>\u00a0<\/p>\n\n\n<div class=\"wp-block-file\"><a href=\"https:\/\/santabaia.es\/wp-content\/uploads\/2019\/03\/Calendario-18-19.pdf\">Calendario 18-19<\/a><a href=\"https:\/\/santabaia.es\/wp-content\/uploads\/2019\/03\/Calendario-18-19.pdf\" class=\"wp-block-file__button\" download>Descargar<\/a><\/div>\n","protected":false},"excerpt":{"rendered":"<p>Poden ver o calendario e a orde que o regulan clicando na imaxe ou no link de calendario. Os 2 d\u00edas non lectivos para os Centros educativos deste concello ser\u00e1n o 2 de novembro e o 18 de marzo (xa que foi aprobado pola administraci\u00f3n o martes 19 de marzo como d\u00eda festivo). SA\u00daDOS \u00a0<\/p>\n","protected":false},"author":2,"featured_media":4433,"comment_status":"closed","ping_status":"closed","sticky":false,"template":"","format":"standard","meta":{"footnotes":""},"categories":[1,8],"tags":[],"class_list":["post-4432","post","type-post","status-publish","format-standard","has-post-thumbnail","hentry","category-novidades","category-secretaria"],"_links":{"self":[{"href":"https:\/\/santabaia.es\/index.php?rest_route=\/wp\/v2\/posts\/4432","targetHints":{"allow":["GET"]}}],"collection":[{"href":"https:\/\/santabaia.es\/index.php?rest_route=\/wp\/v2\/posts"}],"about":[{"href":"https:\/\/santabaia.es\/index.php?rest_route=\/wp\/v2\/types\/post"}],"author":[{"embeddable":true,"href":"https:\/\/santabaia.es\/index.php?rest_route=\/wp\/v2\/users\/2"}],"replies":[{"embeddable":true,"href":"https:\/\/santabaia.es\/index.php?rest_route=%2Fwp%2Fv2%2Fcomments&post=4432"}],"version-history":[{"count":7,"href":"https:\/\/santabaia.es\/index.php?rest_route=\/wp\/v2\/posts\/4432\/revisions"}],"predecessor-version":[{"id":4993,"href":"https:\/\/santabaia.es\/index.php?rest_route=\/wp\/v2\/posts\/4432\/revisions\/4993"}],"wp:featuredmedia":[{"embeddable":true,"href":"https:\/\/santabaia.es\/index.php?rest_route=\/wp\/v2\/media\/4433"}],"wp:attachment":[{"href":"https:\/\/santabaia.es\/index.php?rest_route=%2Fwp%2Fv2%2Fmedia&parent=4432"}],"wp:term":[{"taxonomy":"category","embeddable":true,"href":"https:\/\/santabaia.es\/index.php?rest_route=%2Fwp%2Fv2%2Fcategories&post=4432"},{"taxonomy":"post_tag","embeddable":true,"href":"https:\/\/santabaia.es\/index.php?rest_route=%2Fwp%2Fv2%2Ftags&post=4432"}],"curies":[{"name":"wp","href":"https:\/\/api.w.org\/{rel}","templated":true}]}}