{"id":3742,"date":"2017-10-04T12:09:13","date_gmt":"2017-10-04T12:09:13","guid":{"rendered":"http:\/\/santabaia.es\/?p=3742"},"modified":"2017-10-04T12:09:13","modified_gmt":"2017-10-04T12:09:13","slug":"pecs-2","status":"publish","type":"post","link":"https:\/\/santabaia.es\/?p=3742","title":{"rendered":"PECS 2"},"content":{"rendered":"<div dir=\"ltr\">\n<div dir=\"ltr\">\n<div dir=\"ltr\">\n<div>\n<div>\n<div dir=\"ltr\">\n<div>\n<h3 class=\"m_-5164773920124853775m_-8963661994121477960m_653209452125904241m_-8445759984598955362gmail-ds-title\"><b class=\"m_-5164773920124853775m_-8963661994121477960m_653209452125904241m_-8445759984598955362gmail-fg-color-10\">PECS 2<\/b><\/h3>\n<div class=\"m_-5164773920124853775m_-8963661994121477960m_653209452125904241m_-8445759984598955362gmail-ds-text\">\n<ul>\n<li class=\"m_-5164773920124853775m_-8963661994121477960m_653209452125904241m_-8445759984598955362gmail-fg-color-10\"><b>S\u00c1BADO 11 Y DOMINGO 12 \u00a0NOVIEMBRE<\/b><\/li>\n<li class=\"m_-5164773920124853775m_-8963661994121477960m_653209452125904241m_-8445759984598955362gmail-fg-color-10\"><b>HORARIO<\/b>:<\/li>\n<li>\n<ul>\n<li class=\"m_-5164773920124853775m_-8963661994121477960m_653209452125904241m_-8445759984598955362gmail-fg-color-10\">S\u00e1bado: 9-14h y de 15:30-19:30h<\/li>\n<li class=\"m_-5164773920124853775m_-8963661994121477960m_653209452125904241m_-8445759984598955362gmail-fg-color-10\">Domingo: 9-14h<\/li>\n<\/ul>\n<\/li>\n<li class=\"m_-5164773920124853775m_-8963661994121477960m_653209452125904241m_-8445759984598955362gmail-fg-color-10\"><b>DURACI\u00d3N<\/b>: 13 horas de formaci\u00f3n<\/li>\n<li class=\"m_-5164773920124853775m_-8963661994121477960m_653209452125904241m_-8445759984598955362gmail-fg-color-10\"><b>DIRIGIDO A<\/b>\u00a0: Logopedas, psic\u00f3logos, psicopedagogos, maestros, terapeutas ocupacionales, padres y otros profesionales que trabajen con personas con trastornos del desarrollo.<\/li>\n<li class=\"m_-5164773920124853775m_-8963661994121477960m_653209452125904241m_-8445759984598955362gmail-fg-color-10\"><b>IMPARTE<\/b>: PECS Espa\u00f1a. Cristina Ib\u00e1\u00f1ez<\/li>\n<li class=\"m_-5164773920124853775m_-8963661994121477960m_653209452125904241m_-8445759984598955362gmail-fg-color-10\"><b>ORGANIZA<\/b>: Afalar. Centro de estimulaci\u00f3n y aprendizaje. Centro Sanitario C-36-002423<\/li>\n<li class=\"m_-5164773920124853775m_-8963661994121477960m_653209452125904241m_-8445759984598955362gmail-fg-color-10\"><b>TELF<\/b>: 986 194 540<\/li>\n<li class=\"m_-5164773920124853775m_-8963661994121477960m_653209452125904241m_-8445759984598955362gmail-fg-color-10\"><b>EMAIL<\/b>: <a>formacionafalar@gmail.com<\/a><\/li>\n<li class=\"m_-5164773920124853775m_-8963661994121477960m_653209452125904241m_-8445759984598955362gmail-fg-color-10\"><b>PRECIO<\/b>: 230 Euros (Antes del 12 de octubre) 250\u20ac (Del 13 de octubre al 2 Noviembre)<\/li>\n<li>\n<ul>\n<li class=\"m_-5164773920124853775m_-8963661994121477960m_653209452125904241m_-8445759984598955362gmail-fg-color-10\">Grupos de 3-4 personas:\u00a0<b>10% de dto<\/b>\/participante.<\/li>\n<li class=\"m_-5164773920124853775m_-8963661994121477960m_653209452125904241m_-8445759984598955362gmail-fg-color-10\">Grupos de 5 personas o mas:\u00a0<b>15% de dto<\/b>\/ participante<\/li>\n<\/ul>\n<\/li>\n<li><span class=\"m_-5164773920124853775m_-8963661994121477960m_653209452125904241m_-8445759984598955362gmail-fg-color-10\"><b>LUGAR<\/b>:<\/span><a class=\"m_-5164773920124853775m_-8963661994121477960m_653209452125904241m_-8445759984598955362gmail-fg-color-10\" href=\"https:\/\/www.google.es\/maps\/place\/Hotel+Coia\/@42.2190547,-8.7455575,15z\/data=%214m5%213m4%211s0x0:0xab0b3921de9fb2ec%218m2%213d42.2190547%214d-8.7455575\" target=\"_blank\" rel=\"noopener\">\u00a0<\/a><span class=\"m_-5164773920124853775m_-8963661994121477960m_653209452125904241m_-8445759984598955362gmail-fg-color-10\">Hotel Coia. Calle Sanxenxo N\u00ba:1 \u00a0 VIGO<\/span><\/li>\n<li><span class=\"m_-5164773920124853775m_-8963661994121477960m_653209452125904241m_-8445759984598955362gmail-fg-color-10\"><b>INSCRIPCI\u00d3N<\/b>\u00a0<a href=\"http:\/\/afalar.com\/formacion\/pecs-2\" target=\"_blank\" rel=\"noopener\">http:\/\/afalar.com\/<wbr \/>formacion\/pecs-2<\/a><\/span><\/li>\n<\/ul>\n<p>&nbsp;<\/p>\n<p><b class=\"m_-5164773920124853775m_-8963661994121477960m_653209452125904241m_-8445759984598955362gmail-fg-color-1\">FECHA L\u00cdMITE DE INSCRIPCI\u00d3N EL 2 DE NOVIEMBRE 2017<\/b><\/p>\n<div><\/div>\n<\/div>\n<\/div>\n<div>\n<div dir=\"ltr\">\n<div dir=\"ltr\">\n<div dir=\"ltr\">\n<div><\/div>\n<div><\/div>\n<\/div>\n<\/div>\n<\/div>\n<\/div>\n<\/div>\n<div>\n<div dir=\"ltr\">\n<div>\n<div dir=\"ltr\">\n<div dir=\"ltr\">\n<div>\n<img loading=\"lazy\" decoding=\"async\" src=\"cid:ii_157274c05251ceca\" alt=\"Im\u00e1genes integradas 1\" width=\"148\" height=\"77\" \/><br \/>\n<b><span style=\"font-family: Century Gothic;\">\u00a0 \u00a0 \u00a0 \u00a0 \u00a0 \u00a0 \u00a0 \u00a0 \u00a0 \u00a0 Centro de Estimulaci\u00f3n y Aprendizaje Eva L\u00f3pez.<\/span><\/b><\/div>\n<\/div>\n<\/div>\n<\/div>\n<\/div>\n<\/div>\n<\/div>\n<\/div>\n<\/div>\n<\/div>\n<\/div>\n<div><b><span style=\"font-family: Century Gothic;\">\u00a0 \u00a0 \u00a0 \u00a0 \u00a0 \u00a0 \u00a0 \u00a0 \u00a0 \u00a0 \u00a0 \u00a0 \u00a0 \u00a0 \u00a0 \u00a0 \u00a0 \u00a0 \u00a0Centro Sanitario N\u00ba C-36-002423<\/span><\/b><\/div>\n<div><b><span style=\"font-family: Century Gothic;\">\u00a0 \u00a0 \u00a0 \u00a0 \u00a0 \u00a0 \u00a0 \u00a0 \u00a0 \u00a0 \u00a0 \u00a0 \u00a0 \u00a0 \u00a0 \u00a0 \u00a0 \u00a0 \u00a0 \u00a0 \u00a0 \u00a0 \u00a0 \u00a0 TLF: 986.19.45.40<\/span><\/b><\/div>\n<div>\n<span style=\"font-family: Century Gothic;\"><small><big><big><b><small><small><small><big><big><a href=\"https:\/\/www.facebook.com\/Afalar-Estimulaci%C3%B3n-y-Aprendizaje-311551422241381\/\" target=\"_blank\" rel=\"noopener\">https:\/\/www.facebook.com\/Afala<wbr \/><wbr \/><wbr \/>r-Estimulaci\u00f3n-y-Aprendizaje-3<wbr \/>11551422241381\/<\/a><\/big><\/big><br \/>\n<span style=\"color: #3333ff;\"><big><big>Twiteer:\u00a0 @EvaLogopeda<\/big><\/big><\/span><\/small><\/small><\/small><\/b><\/big><\/big><\/small><\/span><\/div>\n<p><span style=\"font-family: Century Gothic;\"><small><big><big><b><small><small><small><span style=\"color: #3333ff;\"><big><big><span style=\"color: #0000ee;\">Blog:\u00a0<u><a href=\"http:\/\/afalarestimulacion.blogspot.com.es\/\" target=\"_blank\" rel=\"noopener\">afalarestimulacion.blogs<wbr \/><wbr \/><wbr \/><wbr \/><wbr \/><wbr \/><wbr \/><wbr \/>pot.com.es<\/a><\/u><\/span><\/big><\/big><\/span><\/small><\/small><\/small><\/b><\/big><\/big><\/small><\/span><\/p>\n","protected":false},"excerpt":{"rendered":"<p>PECS 2 S\u00c1BADO 11 Y DOMINGO 12 \u00a0NOVIEMBRE HORARIO: S\u00e1bado: 9-14h y de 15:30-19:30h Domingo: 9-14h DURACI\u00d3N: 13 horas de formaci\u00f3n DIRIGIDO A\u00a0: Logopedas, psic\u00f3logos, psicopedagogos, maestros, terapeutas ocupacionales, padres y otros profesionales que trabajen con personas con trastornos del desarrollo. IMPARTE: PECS Espa\u00f1a. Cristina Ib\u00e1\u00f1ez ORGANIZA: Afalar. Centro de estimulaci\u00f3n y aprendizaje. Centro Sanitario<\/p>\n","protected":false},"author":2,"featured_media":0,"comment_status":"open","ping_status":"closed","sticky":false,"template":"","format":"standard","meta":{"footnotes":""},"categories":[1],"tags":[],"class_list":["post-3742","post","type-post","status-publish","format-standard","hentry","category-novidades"],"_links":{"self":[{"href":"https:\/\/santabaia.es\/index.php?rest_route=\/wp\/v2\/posts\/3742","targetHints":{"allow":["GET"]}}],"collection":[{"href":"https:\/\/santabaia.es\/index.php?rest_route=\/wp\/v2\/posts"}],"about":[{"href":"https:\/\/santabaia.es\/index.php?rest_route=\/wp\/v2\/types\/post"}],"author":[{"embeddable":true,"href":"https:\/\/santabaia.es\/index.php?rest_route=\/wp\/v2\/users\/2"}],"replies":[{"embeddable":true,"href":"https:\/\/santabaia.es\/index.php?rest_route=%2Fwp%2Fv2%2Fcomments&post=3742"}],"version-history":[{"count":0,"href":"https:\/\/santabaia.es\/index.php?rest_route=\/wp\/v2\/posts\/3742\/revisions"}],"wp:attachment":[{"href":"https:\/\/santabaia.es\/index.php?rest_route=%2Fwp%2Fv2%2Fmedia&parent=3742"}],"wp:term":[{"taxonomy":"category","embeddable":true,"href":"https:\/\/santabaia.es\/index.php?rest_route=%2Fwp%2Fv2%2Fcategories&post=3742"},{"taxonomy":"post_tag","embeddable":true,"href":"https:\/\/santabaia.es\/index.php?rest_route=%2Fwp%2Fv2%2Ftags&post=3742"}],"curies":[{"name":"wp","href":"https:\/\/api.w.org\/{rel}","templated":true}]}}