{"id":11026,"date":"2025-05-19T12:35:43","date_gmt":"2025-05-19T11:35:43","guid":{"rendered":"https:\/\/santabaia.es\/?p=11026"},"modified":"2025-06-20T11:16:30","modified_gmt":"2025-06-20T10:16:30","slug":"axudas-a-compra-de-libros-de-texto-e-material-escolar","status":"publish","type":"post","link":"https:\/\/santabaia.es\/?p=11026","title":{"rendered":"Axudas \u00e1 compra de libros de texto e material escolar"},"content":{"rendered":"\n<p><strong>PUBLICACI\u00d3N DE LISTAXES<\/strong><\/p>\n\n\n\n<p>-Listaxes provisionais: 2 de xullo (CONSULTAR EN SECRETAR\u00cdA, non se poden publicar online para respectar a lei de Protecci\u00f3n de Datos)<\/p>\n\n\n\n<p>-Reclamaci\u00f3n \u00e1s listaxes provisionais: 3 e 4 de xullo (2 d\u00edas posteriores \u00e1 publicaci\u00f3n)<\/p>\n\n\n\n<p>&#8211; Listaxes definitivas: <strong>7 de xullo<\/strong><\/p>\n\n\n\n<p><strong>ENTREGA DE VALES: entre o 9 e o 18 de xullo ou a partir do 1 de setembro<\/strong><\/p>\n\n\n\n<p><strong>ENTREGA DE LIBROS: a partir do 1 de setembro<\/strong><\/p>\n\n\n\n<p><a href=\"https:\/\/www.edu.xunta.gal\/portal\/node\/46670\">https:\/\/www.edu.xunta.gal\/portal\/node\/46670<\/a><\/p>\n\n\n\n<p><strong><u>FONDO SOLIDARIO DE LIBROS DE TEXTO E AXUDAS PARA ADQUIRIR LIBROS DE TEXTO E MATERIAL ESCOLAR CURSO 2025\/2026<\/u><\/strong><\/p>\n\n\n\n<p><a href=\"https:\/\/www.xunta.gal\/dog\/Publicados\/2025\/20250515\/AnuncioG0761-290425-0001_gl.html\" target=\"_blank\" rel=\"noreferrer noopener\">ORDE do 28&nbsp;de abril&nbsp;de 2025&nbsp;(DOG do 15&nbsp;de maio)<\/a> pola que se regula a participaci\u00f3n no fondo solidario de libros de texto e se convocan axudas para adquirir libros de texto e material escolar destinadas ao alumnado matriculado en educaci\u00f3n primaria, educaci\u00f3n secundaria obrigatoria e educaci\u00f3n especial en centros docentes sostidos con fondos p\u00fablicos para o curso escolar 2025\/26 (c\u00f3digos de procedemento ED330B, ED330G e ED330H)&nbsp; (DOG do 15 maio de 2025)<\/p>\n\n\n\n<p><strong>DESTINATARIOS:<\/strong><\/p>\n\n\n\n<ul class=\"wp-block-list\">\n<li>Fondo solidario de libros: alumnado matriculado en 3\u00ba, 4\u00ba, 5\u00ba E 6\u00ba de Educaci\u00f3n Primaria<\/li>\n\n\n\n<li>Axudas para adquirir libros de texto: alumnado de 1\u00ba e 2\u00ba de EP<\/li>\n\n\n\n<li>Axudas para adquirir material escolar: alumnado matriculado en EP<\/li>\n<\/ul>\n\n\n\n<p><strong>PRAZO DE PRESENTACI\u00d3N DE SOLICITUDES<\/strong><\/p>\n\n\n\n<p>Alumnado de sexto que non o realice de forma telem\u00e1tica, ter\u00e1 que realizar a xesti\u00f3n no IES ao que acudir\u00e1 o pr\u00f3ximo curso.<\/p>\n\n\n\n<p>Abrangue dende o 16 de maio ao 20 de xu\u00f1o de 2025, ambos inclu\u00eddos.<\/p>\n\n\n\n<p>As solicitudes presentaranse preferiblemente por v\u00eda electr\u00f3nica no formulario normalizado (ED330B-anexos I e II) dispo\u00f1ible na aplicaci\u00f3n fondolibros (https:\/\/www.edu.xunta.es\/ fondolibros), a trav\u00e9s da sede electr\u00f3nica da Xunta de Galicia, <a href=\"https:\/\/sede.xunta.gal\">https:\/\/sede.xunta.gal<\/a><\/p>\n\n\n\n<p>Tam\u00e9n se poder\u00e1n presentar de forma presencial no centro docente.<\/p>\n\n\n\n<p><strong>DOCUMENTACI\u00d3N<\/strong><\/p>\n\n\n\n<ul class=\"wp-block-list\">\n<li>Anexo I<\/li>\n\n\n\n<li>Anexo II<\/li>\n\n\n\n<li>Copia do libro de familia ou documento equivalente, onde figure o alumno e os demais membros computables da unidade familiar.<\/li>\n\n\n\n<li>En caso de separaci\u00f3n ou divorcio, deber\u00e1n achegar a sentenza xudicial e\/ou convenio regulador onde conste a custodia do\/da menor.<\/li>\n\n\n\n<li>NON ser\u00e1 necesario xuntar coa solicitude os DNIs, NIEs, acreditaci\u00f3ns de discapacidade expedidas pola Xunta, acreditaci\u00f3ns de pensi\u00f3n por incapacidade, ou declaraci\u00f3ns de IRPF, sempre que NON sinale oposici\u00f3n \u00e1 comprobaci\u00f3n telem\u00e1tica pola administraci\u00f3n (para a declaraci\u00f3n de IRPF requ\u00edrese autorizaci\u00f3n expresa) [artigo 11 da Orde de convocatoria]<\/li>\n\n\n\n<li>A administraci\u00f3n poder\u00e1 reclamar a presentaci\u00f3n de documentaci\u00f3n cando non sexa posible a verificaci\u00f3n por v\u00eda telem\u00e1tica<\/li>\n<\/ul>\n\n\n\n<div class=\"wp-block-file\"><a id=\"wp-block-file--media-cfeea762-33c0-426e-9547-6a999bcc711f\" href=\"https:\/\/santabaia.es\/wp-content\/uploads\/2025\/05\/fondo-libros-ANEXO-I.pdf\">fondo libros ANEXO I<\/a><a href=\"https:\/\/santabaia.es\/wp-content\/uploads\/2025\/05\/fondo-libros-ANEXO-I.pdf\" class=\"wp-block-file__button wp-element-button\" download aria-describedby=\"wp-block-file--media-cfeea762-33c0-426e-9547-6a999bcc711f\">Descarga<\/a><\/div>\n\n\n\n<figure class=\"wp-block-embed is-type-wp-embed is-provider-colexio-santa-baia wp-block-embed-colexio-santa-baia\"><div class=\"wp-block-embed__wrapper\">\n<blockquote class=\"wp-embedded-content\" data-secret=\"DU6E4SbQQL\"><a href=\"https:\/\/santabaia.es\/?p=10615\">Libros de texto 2025\/2026<\/a><\/blockquote><iframe loading=\"lazy\" class=\"wp-embedded-content\" sandbox=\"allow-scripts\" security=\"restricted\" style=\"position: absolute; visibility: hidden;\" title=\"\u00abLibros de texto 2025\/2026\u00bb \u2014 Colexio Santa Baia\" src=\"https:\/\/santabaia.es\/?p=10615&#038;embed=true#?secret=I76t47dcyS#?secret=DU6E4SbQQL\" data-secret=\"DU6E4SbQQL\" width=\"500\" height=\"282\" frameborder=\"0\" marginwidth=\"0\" marginheight=\"0\" scrolling=\"no\"><\/iframe>\n<\/div><\/figure>\n","protected":false},"excerpt":{"rendered":"<p>PUBLICACI\u00d3N DE LISTAXES -Listaxes provisionais: 2 de xullo (CONSULTAR EN SECRETAR\u00cdA, non se poden publicar online para respectar a lei de Protecci\u00f3n de Datos) -Reclamaci\u00f3n \u00e1s listaxes provisionais: 3 e 4 de xullo (2 d\u00edas posteriores \u00e1 publicaci\u00f3n) &#8211; Listaxes definitivas: 7 de xullo ENTREGA DE VALES: entre o 9 e o 18 de xullo<\/p>\n","protected":false},"author":2,"featured_media":2917,"comment_status":"open","ping_status":"closed","sticky":false,"template":"","format":"standard","meta":{"footnotes":""},"categories":[4,8],"tags":[],"class_list":["post-11026","post","type-post","status-publish","format-standard","has-post-thumbnail","hentry","category-destacado-inicio","category-secretaria"],"_links":{"self":[{"href":"https:\/\/santabaia.es\/index.php?rest_route=\/wp\/v2\/posts\/11026","targetHints":{"allow":["GET"]}}],"collection":[{"href":"https:\/\/santabaia.es\/index.php?rest_route=\/wp\/v2\/posts"}],"about":[{"href":"https:\/\/santabaia.es\/index.php?rest_route=\/wp\/v2\/types\/post"}],"author":[{"embeddable":true,"href":"https:\/\/santabaia.es\/index.php?rest_route=\/wp\/v2\/users\/2"}],"replies":[{"embeddable":true,"href":"https:\/\/santabaia.es\/index.php?rest_route=%2Fwp%2Fv2%2Fcomments&post=11026"}],"version-history":[{"count":8,"href":"https:\/\/santabaia.es\/index.php?rest_route=\/wp\/v2\/posts\/11026\/revisions"}],"predecessor-version":[{"id":11122,"href":"https:\/\/santabaia.es\/index.php?rest_route=\/wp\/v2\/posts\/11026\/revisions\/11122"}],"wp:featuredmedia":[{"embeddable":true,"href":"https:\/\/santabaia.es\/index.php?rest_route=\/wp\/v2\/media\/2917"}],"wp:attachment":[{"href":"https:\/\/santabaia.es\/index.php?rest_route=%2Fwp%2Fv2%2Fmedia&parent=11026"}],"wp:term":[{"taxonomy":"category","embeddable":true,"href":"https:\/\/santabaia.es\/index.php?rest_route=%2Fwp%2Fv2%2Fcategories&post=11026"},{"taxonomy":"post_tag","embeddable":true,"href":"https:\/\/santabaia.es\/index.php?rest_route=%2Fwp%2Fv2%2Ftags&post=11026"}],"curies":[{"name":"wp","href":"https:\/\/api.w.org\/{rel}","templated":true}]}}