{"id":10916,"date":"2025-02-18T14:23:44","date_gmt":"2025-02-18T13:23:44","guid":{"rendered":"https:\/\/santabaia.es\/?p=10916"},"modified":"2025-03-06T11:52:23","modified_gmt":"2025-03-06T10:52:23","slug":"desfile-entroido-28f","status":"publish","type":"post","link":"https:\/\/santabaia.es\/?p=10916","title":{"rendered":"Desfile entroido&#8230; 28F"},"content":{"rendered":"\n<p>Celebraremos en conxunto co CEIP Praia Xard\u00edn e coa colaboraci\u00f3n do concello (Polic\u00eda Local e Protecci\u00f3n Civil) o desfile \u00e1s 10:45h.<\/p>\n\n\n\n<p>Ao remate, o alumnado realizar\u00e1 a degustaci\u00f3n de produtos t\u00edpicos que aporten as familias.<\/p>\n\n\n\n<figure class=\"wp-block-image size-large\"><a href=\"https:\/\/santabaia.es\/wp-content\/uploads\/2025\/02\/Percorrido-2025.jpg\"><img loading=\"lazy\" decoding=\"async\" width=\"1024\" height=\"859\" src=\"https:\/\/santabaia.es\/wp-content\/uploads\/2025\/02\/Percorrido-2025-1024x859.jpg\" alt=\"\" class=\"wp-image-10939\" srcset=\"https:\/\/santabaia.es\/wp-content\/uploads\/2025\/02\/Percorrido-2025-1024x859.jpg 1024w, https:\/\/santabaia.es\/wp-content\/uploads\/2025\/02\/Percorrido-2025-300x252.jpg 300w, https:\/\/santabaia.es\/wp-content\/uploads\/2025\/02\/Percorrido-2025-768x644.jpg 768w, https:\/\/santabaia.es\/wp-content\/uploads\/2025\/02\/Percorrido-2025.jpg 1055w\" sizes=\"auto, (max-width: 1024px) 100vw, 1024px\" \/><\/a><\/figure>\n","protected":false},"excerpt":{"rendered":"<p>Celebraremos en conxunto co CEIP Praia Xard\u00edn e coa colaboraci\u00f3n do concello (Polic\u00eda Local e Protecci\u00f3n Civil) o desfile \u00e1s 10:45h. Ao remate, o alumnado realizar\u00e1 a degustaci\u00f3n de produtos t\u00edpicos que aporten as familias.<\/p>\n","protected":false},"author":2,"featured_media":8074,"comment_status":"open","ping_status":"closed","sticky":false,"template":"","format":"standard","meta":{"footnotes":""},"categories":[32],"tags":[],"class_list":["post-10916","post","type-post","status-publish","format-standard","has-post-thumbnail","hentry","category-extraescolares"],"_links":{"self":[{"href":"https:\/\/santabaia.es\/index.php?rest_route=\/wp\/v2\/posts\/10916","targetHints":{"allow":["GET"]}}],"collection":[{"href":"https:\/\/santabaia.es\/index.php?rest_route=\/wp\/v2\/posts"}],"about":[{"href":"https:\/\/santabaia.es\/index.php?rest_route=\/wp\/v2\/types\/post"}],"author":[{"embeddable":true,"href":"https:\/\/santabaia.es\/index.php?rest_route=\/wp\/v2\/users\/2"}],"replies":[{"embeddable":true,"href":"https:\/\/santabaia.es\/index.php?rest_route=%2Fwp%2Fv2%2Fcomments&post=10916"}],"version-history":[{"count":3,"href":"https:\/\/santabaia.es\/index.php?rest_route=\/wp\/v2\/posts\/10916\/revisions"}],"predecessor-version":[{"id":10941,"href":"https:\/\/santabaia.es\/index.php?rest_route=\/wp\/v2\/posts\/10916\/revisions\/10941"}],"wp:featuredmedia":[{"embeddable":true,"href":"https:\/\/santabaia.es\/index.php?rest_route=\/wp\/v2\/media\/8074"}],"wp:attachment":[{"href":"https:\/\/santabaia.es\/index.php?rest_route=%2Fwp%2Fv2%2Fmedia&parent=10916"}],"wp:term":[{"taxonomy":"category","embeddable":true,"href":"https:\/\/santabaia.es\/index.php?rest_route=%2Fwp%2Fv2%2Fcategories&post=10916"},{"taxonomy":"post_tag","embeddable":true,"href":"https:\/\/santabaia.es\/index.php?rest_route=%2Fwp%2Fv2%2Ftags&post=10916"}],"curies":[{"name":"wp","href":"https:\/\/api.w.org\/{rel}","templated":true}]}}