{"id":10904,"date":"2025-06-02T13:17:00","date_gmt":"2025-06-02T12:17:00","guid":{"rendered":"https:\/\/santabaia.es\/?p=10904"},"modified":"2025-06-02T10:16:55","modified_gmt":"2025-06-02T09:16:55","slug":"proximas-actividades-no-concello","status":"publish","type":"post","link":"https:\/\/santabaia.es\/?p=10904","title":{"rendered":"Pr\u00f3ximas actividades no Concello"},"content":{"rendered":"\n<figure class=\"wp-block-image size-large\"><a href=\"https:\/\/santabaia.es\/wp-content\/uploads\/2025\/02\/cartel-preinscripcion1.jpeg\"><img loading=\"lazy\" decoding=\"async\" width=\"724\" height=\"1024\" src=\"https:\/\/santabaia.es\/wp-content\/uploads\/2025\/02\/cartel-preinscripcion1-724x1024.jpeg\" alt=\"\" class=\"wp-image-11041\" srcset=\"https:\/\/santabaia.es\/wp-content\/uploads\/2025\/02\/cartel-preinscripcion1-724x1024.jpeg 724w, https:\/\/santabaia.es\/wp-content\/uploads\/2025\/02\/cartel-preinscripcion1-212x300.jpeg 212w, https:\/\/santabaia.es\/wp-content\/uploads\/2025\/02\/cartel-preinscripcion1-768x1086.jpeg 768w, https:\/\/santabaia.es\/wp-content\/uploads\/2025\/02\/cartel-preinscripcion1-1086x1536.jpeg 1086w, https:\/\/santabaia.es\/wp-content\/uploads\/2025\/02\/cartel-preinscripcion1.jpeg 1131w\" sizes=\"auto, (max-width: 724px) 100vw, 724px\" \/><\/a><\/figure>\n\n\n\n<p>Escola de M\u00fasica Concello de Boiro:<\/p>\n\n\n\n<p>A partires do 2 de xu\u00f1o e ata o18 de xu\u00f1o, \u00e1brese o prazo de preinscrici\u00f3n para o vindeiro curso.<\/p>\n\n\n\n<p>O horario de oficina: Luns, m\u00e9rcores e venres de 10h a 13:30h e martes e xoves de 20h a 21h.&nbsp;<\/p>\n\n\n\n<p>A oficina est\u00e1 situada no 4\u00ba andar do centro social.<\/p>\n\n\n\n<p>Tlf de contacto: 655700626\/669250643<\/p>\n\n\n\n<p>Podedes facer a solicitude a trav\u00e9s do seguinte enlace:<\/p>\n\n\n\n<p><a href=\"https:\/\/forms.gle\/zgCYBXPRvSN7KMbs6\">https:\/\/forms.gle\/zgCYBXPRvSN7KMbs6<\/a><\/p>\n\n\n\n<p><\/p>\n","protected":false},"excerpt":{"rendered":"<p>Escola de M\u00fasica Concello de Boiro: A partires do 2 de xu\u00f1o e ata o18 de xu\u00f1o, \u00e1brese o prazo de preinscrici\u00f3n para o vindeiro curso. O horario de oficina: Luns, m\u00e9rcores e venres de 10h a 13:30h e martes e xoves de 20h a 21h.&nbsp; A oficina est\u00e1 situada no 4\u00ba andar do centro<\/p>\n","protected":false},"author":2,"featured_media":8213,"comment_status":"open","ping_status":"closed","sticky":false,"template":"","format":"standard","meta":{"footnotes":""},"categories":[105,4],"tags":[],"class_list":["post-10904","post","type-post","status-publish","format-standard","has-post-thumbnail","hentry","category-outras","category-destacado-inicio"],"_links":{"self":[{"href":"https:\/\/santabaia.es\/index.php?rest_route=\/wp\/v2\/posts\/10904","targetHints":{"allow":["GET"]}}],"collection":[{"href":"https:\/\/santabaia.es\/index.php?rest_route=\/wp\/v2\/posts"}],"about":[{"href":"https:\/\/santabaia.es\/index.php?rest_route=\/wp\/v2\/types\/post"}],"author":[{"embeddable":true,"href":"https:\/\/santabaia.es\/index.php?rest_route=\/wp\/v2\/users\/2"}],"replies":[{"embeddable":true,"href":"https:\/\/santabaia.es\/index.php?rest_route=%2Fwp%2Fv2%2Fcomments&post=10904"}],"version-history":[{"count":10,"href":"https:\/\/santabaia.es\/index.php?rest_route=\/wp\/v2\/posts\/10904\/revisions"}],"predecessor-version":[{"id":11043,"href":"https:\/\/santabaia.es\/index.php?rest_route=\/wp\/v2\/posts\/10904\/revisions\/11043"}],"wp:featuredmedia":[{"embeddable":true,"href":"https:\/\/santabaia.es\/index.php?rest_route=\/wp\/v2\/media\/8213"}],"wp:attachment":[{"href":"https:\/\/santabaia.es\/index.php?rest_route=%2Fwp%2Fv2%2Fmedia&parent=10904"}],"wp:term":[{"taxonomy":"category","embeddable":true,"href":"https:\/\/santabaia.es\/index.php?rest_route=%2Fwp%2Fv2%2Fcategories&post=10904"},{"taxonomy":"post_tag","embeddable":true,"href":"https:\/\/santabaia.es\/index.php?rest_route=%2Fwp%2Fv2%2Ftags&post=10904"}],"curies":[{"name":"wp","href":"https:\/\/api.w.org\/{rel}","templated":true}]}}